{"id":118,"date":"2020-10-07T10:05:00","date_gmt":"2020-10-07T15:05:00","guid":{"rendered":"https:\/\/mision-salud.org\/AlianzaLAC_AaM\/?p=118"},"modified":"2021-06-01T15:52:45","modified_gmt":"2021-06-01T20:52:45","slug":"semana-de-la-propiedad-intelectual-interes-publico-y-covid-19-asi-fue-el-dia-2","status":"publish","type":"post","link":"https:\/\/mision-salud.org\/AlianzaLAC_AaM\/?p=118","title":{"rendered":"Semana de la propiedad intelectual, inter\u00e9s p\u00fablico y COVID-19 | As\u00ed fue el d\u00eda 2"},"content":{"rendered":"\n<p>La jornada No. 2 de la agenda colaborativa de la Semana de la Propiedad Intelectual, el Inter\u00e9s P\u00fablico y el COVID-19 del Congreso Global de Propiedad Intelectual e Inter\u00e9s p\u00fablico, <strong>en su l\u00ednea de acceso a medicamentos <\/strong>(liderada por <a rel=\"noreferrer noopener\" href=\"http:\/\/www.mision-salud.org\" target=\"_blank\">Misi\u00f3n Salud<\/a>) abord\u00f3 dos temas de gran relevancia: el <em>pool<\/em> (<em>COVID-19 Technology Access Pool<\/em> -CTAP-) de tecnolog\u00edas COVID19 propuesto por el Presidente de Costa Rica a la Organizaci\u00f3n Mundial de la Salud y un an\u00e1lisis de c\u00f3mo la pandemia COVID-19 ha puesto en evidencia las fallas estructurales de la industria farmac\u00e9utica global desde la perspectiva sociol\u00f3gica.<\/p>\n\n\n\n<p>Compartimos con ustedes a continuaci\u00f3n los videos de las sesiones y les invitamos a acompa\u00f1ar la sesiones de hoy mi\u00e9rcoles 7 y los <strong>eventos principales <\/strong>que se llevar\u00e1n a cabo jueves 8 y viernes 9 (<a rel=\"noreferrer noopener\" href=\"http:\/\/www.globalcongressip.org\/inicio\/eventos-principales\/?lang=es\" target=\"_blank\">vea aqu\u00ed la programaci\u00f3n<\/a>).<\/p>\n\n\n\n<figure class=\"wp-block-embed is-type-rich is-provider-youtube wp-block-embed-youtube\"><div class=\"wp-block-embed__wrapper\">\n<blockquote class=\"embedly-card\" data-card-controls=\"1\" data-card-align=\"center\" data-card-theme=\"light\"><h4><a href=\"https:\/\/www.youtube.com\/watch?v=589bzWh8z-A\">Why Costa Rica&#8217;s Proposal for the Creation of a Global Pooling Mechanism Deserves<\/a><\/h4><p>On March 23, Costa Rica submitted a proposal to the Director-General of the WHO for the creation of a global pooling mechanism in order to facilitate access &#8230;<\/p><\/blockquote><script async src=\"\/\/cdn.embedly.com\/widgets\/platform.js\" charset=\"UTF-8\"><\/script>\n<\/div><figcaption><strong>1.<\/strong> <strong>\u00bfPor qu\u00e9 la propuesta de Costa Rica para la creaci\u00f3n de un mecanismo de pool global merece una seria consideraci\u00f3n?<\/strong><br>El 23 de marzo, el Presidente de Costa Rica present\u00f3 una propuesta al Director General de la OMS para la creaci\u00f3n de un pool global con el fin de facilitar el acceso y uso de la propiedad intelectual, conocimientos t\u00e9cnicos sobre secretos comerciales, datos regulatorios, l\u00edneas celulares, productos planos y otros datos patentados para tecnolog\u00edas que son \u00fatiles para la detecci\u00f3n, prevenci\u00f3n, control y tratamiento de la pandemia COVID-19. <br>En esta charla el Dr. Muhammad Zaheer eval\u00faa cr\u00edticamente la propuesta de Costa Rica y se esfuerza por responder brevemente a las siguientes preguntas: <br>1. \u00bfPor qu\u00e9 la propuesta de Costa Rica merece una consideraci\u00f3n seria? <br>2. \u00bfEn qu\u00e9 medida esta propuesta aborda algunas de las preocupaciones clave relacionadas con el COVID-19? <br>3. \u00bfEn qu\u00e9 medida esta propuesta es pr\u00e1cticamente viable? <br>Este estudio sostiene que si se implementa en la pr\u00e1ctica, el mecanismo del <em>pool <\/em>global propuesto conducir\u00e1 a reducir las inequidades en salud al mejorar el acceso asequible a la atenci\u00f3n m\u00e9dica.<\/figcaption><\/figure>\n\n\n\n<figure class=\"wp-block-embed is-type-rich is-provider-youtube wp-block-embed-youtube\"><div class=\"wp-block-embed__wrapper\">\n<blockquote class=\"embedly-card\" data-card-controls=\"1\" data-card-align=\"center\" data-card-theme=\"light\"><h4><a href=\"https:\/\/www.youtube.com\/watch?v=z3PBDEZd9gM\">The COVID-19 calls into question the institutional structure underlying the pharmaceutical industry.<\/a><\/h4><p>While the World Health Organization and others have called for global public goods and some companies have relaxed their patent rights on potential treatment&#8230;<\/p><\/blockquote><script async src=\"\/\/cdn.embedly.com\/widgets\/platform.js\" charset=\"UTF-8\"><\/script>\n<\/div><figcaption><strong>2.<\/strong> <strong>El COVID-19 cuestiona la estructura institucional subyacente a la industria farmac\u00e9utica<\/strong><br>Si bien la Organizaci\u00f3n Mundial de la Salud y otros han pedido bienes p\u00fablicos globales y algunas empresas han <em>relajado <\/em>sus derechos de patente sobre tratamientos potenciales, gran parte de la industria ha rechazado cualquier intento que pueda amenazar su poder monopol\u00edstico para fijar precios.<br>La aceptaci\u00f3n p\u00fablica del papel de las empresas privadas en el control de los medicamentos que salvan vidas, as\u00ed como del sistema de propiedad intelectual, da forma a la pol\u00edtica gubernamental y contribuye a la verg\u00fcenza p\u00fablica. Este estudio consiste en un an\u00e1lisis de contenido etnogr\u00e1fico de comentarios en l\u00ednea sobre informes de noticias sobre el precio de remdesivir de Gilead Science. El an\u00e1lisis del encuadre p\u00fablico y de \u00e9lite sobre los precios de los medicamentos moldea nuestra comprensi\u00f3n de la construcci\u00f3n social de los mercados y los esfuerzos de promoci\u00f3n para abordar las fallas en nuestro sistema farmac\u00e9utico actual.<\/figcaption><\/figure>\n\n\n\n<figure class=\"wp-block-embed is-type-rich is-provider-youtube wp-block-embed-youtube\"><div class=\"wp-block-embed__wrapper\">\n<blockquote class=\"embedly-card\" data-card-controls=\"1\" data-card-align=\"center\" data-card-theme=\"light\"><h4><a href=\"https:\/\/youtu.be\/XeuBqdpJKO0?list=PLYzLksm6JWNRqxZGR7TRBwutxB5R3siDv\">Modelo de ciencia, tecnolog\u00eda e innovaci\u00f3n en Colombia<\/a><\/h4><p>No Description<\/p><\/blockquote><script async src=\"\/\/cdn.embedly.com\/widgets\/platform.js\" charset=\"UTF-8\"><\/script>\n<\/div><figcaption><strong>3.<\/strong> <strong>Reuni\u00f3n estrat\u00e9gica | Modelo de ciencia, tecnolog\u00eda e innovaci\u00f3n en Colombia<\/strong><br>El grupo UAEM Colombia (<em>Universities Allied for Essential Medicines<\/em>) comparti\u00f3 su historial de acci\u00f3n en Colombia y expuso sus comentarios al borrador de Pol\u00edtica P\u00fablica CONPES de Ciencia, tecnolog\u00eda e innovaci\u00f3n.<\/figcaption><\/figure>\n\n\n\n<p><\/p>\n","protected":false},"excerpt":{"rendered":"<p>La jornada No. 2 de la agenda colaborativa de la Semana de la Propiedad Intelectual, [&hellip;]<\/p>\n","protected":false},"author":1,"featured_media":107,"comment_status":"open","ping_status":"open","sticky":false,"template":"","format":"standard","meta":{"spay_email":""},"categories":[3],"tags":[21,33,31,4,6,27,32],"jetpack_featured_media_url":"https:\/\/mision-salud.org\/AlianzaLAC_AaM\/wp-content\/uploads\/2020\/10\/Screenshot_2020-10-06-COMUNICACIONES-REDES-DEMANA-DE-LA-PROPIEDAD-INTELECTUAL-INTERES-PUBLICO-Y-COVID-19-DEL-5-AL-9-DE-OCT....png","_links":{"self":[{"href":"https:\/\/mision-salud.org\/AlianzaLAC_AaM\/index.php?rest_route=\/wp\/v2\/posts\/118"}],"collection":[{"href":"https:\/\/mision-salud.org\/AlianzaLAC_AaM\/index.php?rest_route=\/wp\/v2\/posts"}],"about":[{"href":"https:\/\/mision-salud.org\/AlianzaLAC_AaM\/index.php?rest_route=\/wp\/v2\/types\/post"}],"author":[{"embeddable":true,"href":"https:\/\/mision-salud.org\/AlianzaLAC_AaM\/index.php?rest_route=\/wp\/v2\/users\/1"}],"replies":[{"embeddable":true,"href":"https:\/\/mision-salud.org\/AlianzaLAC_AaM\/index.php?rest_route=%2Fwp%2Fv2%2Fcomments&post=118"}],"version-history":[{"count":6,"href":"https:\/\/mision-salud.org\/AlianzaLAC_AaM\/index.php?rest_route=\/wp\/v2\/posts\/118\/revisions"}],"predecessor-version":[{"id":235,"href":"https:\/\/mision-salud.org\/AlianzaLAC_AaM\/index.php?rest_route=\/wp\/v2\/posts\/118\/revisions\/235"}],"wp:featuredmedia":[{"embeddable":true,"href":"https:\/\/mision-salud.org\/AlianzaLAC_AaM\/index.php?rest_route=\/wp\/v2\/media\/107"}],"wp:attachment":[{"href":"https:\/\/mision-salud.org\/AlianzaLAC_AaM\/index.php?rest_route=%2Fwp%2Fv2%2Fmedia&parent=118"}],"wp:term":[{"taxonomy":"category","embeddable":true,"href":"https:\/\/mision-salud.org\/AlianzaLAC_AaM\/index.php?rest_route=%2Fwp%2Fv2%2Fcategories&post=118"},{"taxonomy":"post_tag","embeddable":true,"href":"https:\/\/mision-salud.org\/AlianzaLAC_AaM\/index.php?rest_route=%2Fwp%2Fv2%2Ftags&post=118"}],"curies":[{"name":"wp","href":"https:\/\/api.w.org\/{rel}","templated":true}]}}