{"id":125,"date":"2020-10-08T16:21:09","date_gmt":"2020-10-08T21:21:09","guid":{"rendered":"https:\/\/mision-salud.org\/AlianzaLAC_AaM\/?p=125"},"modified":"2020-10-08T16:21:09","modified_gmt":"2020-10-08T21:21:09","slug":"semana-de-la-propiedad-intelectual-interes-publico-y-covid19-asi-fue-el-dia-3","status":"publish","type":"post","link":"https:\/\/mision-salud.org\/AlianzaLAC_AaM\/?p=125","title":{"rendered":"Semana de la Propiedad intelectual, inter\u00e9s p\u00fablico y COVID19 | As\u00ed fue el d\u00eda 3"},"content":{"rendered":"\n<p>La jornada No. 3 de la agenda colaborativa de la Semana de la Propiedad Intelectual, el Inter\u00e9s P\u00fablico y el COVID-19 del Congreso Global de Propiedad Intelectual e Inter\u00e9s p\u00fablico, en su l\u00ednea de acceso a medicamentos (liderada por Misi\u00f3n Salud) abord\u00f3 temas cruciales de la coyuntura, el uso de las flexibilidades ADPIC en pro del fortalecimiento de la producci\u00f3n local\/regional de medicamentos y vacunas (\u00c1frica) y una reflexi\u00f3n sobre los desaf\u00edos que ha puesto en evidencia la crisis sanitaria para las leyes de propiedad intelectual.<\/p>\n\n\n\n<p>Compartimos con ustedes a continuaci\u00f3n los videos de las sesiones finales de la agenda colaborativa y les invitamos a acompa\u00f1ar la sesiones de los eventos principales (<a rel=\"noreferrer noopener\" href=\"http:\/\/www.globalcongressip.org\/inicio\/eventos-principales\/?lang=es\" target=\"_blank\">ver agenda<\/a>).<\/p>\n\n\n\n<figure class=\"wp-block-embed-youtube wp-block-embed is-type-rich is-provider-youtube\"><div class=\"wp-block-embed__wrapper\">\n<blockquote class=\"embedly-card\" data-card-controls=\"1\" data-card-align=\"center\" data-card-theme=\"light\"><h4><a href=\"https:\/\/youtu.be\/4gRFfvDabBI?list=PLYzLksm6JWNRqxZGR7TRBwutxB5R3siDv\">TRIPS Flexibilities, COVID-19 and Local Production of Medicines in the Southern African<\/a><\/h4><p>The advent of COVID 19 has exposed the need for SADC Countries to avoid over-reliance on imported pharmaceuticals\/diagnostics and to start producing essentia&#8230;<\/p><\/blockquote><script async src=\"\/\/cdn.embedly.com\/widgets\/platform.js\" charset=\"UTF-8\"><\/script>\n<\/div><figcaption><strong>1. Flexibilidades de los ADPIC, COVID-19 y producci\u00f3n local de medicamentos en la regi\u00f3n de la Comunidad de Desarrollo de \u00c1frica Meridional (SADC)<\/strong><br>Prof. Chikosa Banda<br>Prof. Lonias Ndlovu<br>Prof. Tapiwanashe Kujinga<br>La llegada de COVID19 ha puesto de manifiesto la necesidad de que los pa\u00edses de la regi\u00f3n de la Comunidad SADC eviten la dependencia excesiva de los productos farmac\u00e9uticos \/ diagn\u00f3sticos importados y comiencen a producir medicamentos y diagn\u00f3sticos esenciales en la regi\u00f3n. Esto se debe a que la pandemia ha sacudido la solidaridad mundial en la atenci\u00f3n m\u00e9dica y ha desencadenado <strong>el nacionalismo de la atenci\u00f3n m\u00e9dica<\/strong> y ha dificultado la obtenci\u00f3n de medicamentos fuera de \u00c1frica debido a una serie de factores. Estos incluyen la imposici\u00f3n de cierres nacionales, cierres de algunas plantas de fabricaci\u00f3n, restricciones de viaje y prohibiciones o restricciones de exportaci\u00f3n.<br>Las medidas y restricciones de emergencia anteriores, as\u00ed como los consiguientes aumentos en los costos de transporte, han provocado alzas masivas en los precios de los productos farmac\u00e9uticos y de diagn\u00f3stico. Estos desarrollos han fortalecido los argumentos a favor de la producci\u00f3n local \/ regional de productos farmac\u00e9uticos y el uso de las flexibilidades de los ADPIC para estimular y apoyar la producci\u00f3n local \/ regional de medicamentos. Sin embargo, existen una serie de obst\u00e1culos para el uso de las flexibilidades de los ADPIC en la regi\u00f3n, incluida la existencia del sistema de patentes ARIPO, que no respalda plenamente el uso de las flexibilidades por parte de los pa\u00edses de la regi\u00f3n. Los pa\u00edses individuales tambi\u00e9n han tardado en actualizar sus leyes para aprovechar al m\u00e1ximo las flexibilidades de los ADPIC para promover la producci\u00f3n local. Los panelistas abogaron por la reforma urgente de la ARIPO y los sistemas de patentes nacionales a fin de eliminar las barreras al uso de flexibilidades por parte de los Estados miembros de la SADC. Se espera que estas reformas estimulen la producci\u00f3n local de gen\u00e9ricos y el comercio intrarregional de productos farmac\u00e9uticos y diagn\u00f3sticos.<\/figcaption><\/figure>\n\n\n\n<figure class=\"wp-block-embed-youtube wp-block-embed is-type-rich is-provider-youtube\"><div class=\"wp-block-embed__wrapper\">\n<blockquote class=\"embedly-card\" data-card-controls=\"1\" data-card-align=\"center\" data-card-theme=\"light\"><h4><a href=\"https:\/\/youtu.be\/fy1Vn5Fif8E?list=PLYzLksm6JWNRqxZGR7TRBwutxB5R3siDv\">The Covid-19 pandemic has laid bare many intellectual property law challenges<\/a><\/h4><p>The Covid-19 pandemic has laid bare many intellectual property law challenges. The dominant focus has been on patents and related rights, but little attentio&#8230;<\/p><\/blockquote><script async src=\"\/\/cdn.embedly.com\/widgets\/platform.js\" charset=\"UTF-8\"><\/script>\n<\/div><figcaption><strong>2. La pandemia Covid-19 ha puesto al descubierto muchos desaf\u00edos de la ley de propiedad intelectual<\/strong><br>TedTalk | Profesor David Levine de la Escuela de Leyes de la Universidad de Elon<br>La pandemia de COVID-19 ha puesto al descubierto muchos desaf\u00edos de la ley de propiedad intelectual. El enfoque dominante ha estado en las patentes y los derechos relacionados, pero se ha prestado poca atenci\u00f3n a los secretos comerciales (es decir, informaci\u00f3n que es valiosa porque los competidores no la conocen). Los secretos comerciales impregnan el desarrollo de los diagn\u00f3sticos, tratamientos y vacunas de Covid, desde los procesos de fabricaci\u00f3n de vacunas hasta los datos de investigaci\u00f3n. Si bien el secreto comercial puede estar justificado, tiene un costo enorme para la asequibilidad de los medicamentos y vacunas que salvan vidas, as\u00ed como su acceso y eficacia, porque el secreto comercial obstaculiza la difusi\u00f3n del conocimiento. El profesor Levine, analiz\u00f3 el papel del secreto comercial en la lucha contra COVID19 y propuso que es ahora el momento de volver a examinar el impacto espec\u00edfico del secreto comercial en c\u00f3mo abordamos la salud global. crisis. <br>Su pregunta orientadora \u00bfqu\u00e9 podemos hacer ahora y qu\u00e9 debemos hacer para prepararnos para la pr\u00f3xima pandemia?<br><\/figcaption><\/figure>\n\n\n\n<p><\/p>\n","protected":false},"excerpt":{"rendered":"<p>La jornada No. 3 de la agenda colaborativa de la Semana de la Propiedad Intelectual, [&hellip;]<\/p>\n","protected":false},"author":1,"featured_media":107,"comment_status":"open","ping_status":"open","sticky":false,"template":"","format":"standard","meta":{"spay_email":""},"categories":[3],"tags":[34,36,35,38,20,40,19,37,39,27],"jetpack_featured_media_url":"https:\/\/mision-salud.org\/AlianzaLAC_AaM\/wp-content\/uploads\/2020\/10\/Screenshot_2020-10-06-COMUNICACIONES-REDES-DEMANA-DE-LA-PROPIEDAD-INTELECTUAL-INTERES-PUBLICO-Y-COVID-19-DEL-5-AL-9-DE-OCT....png","_links":{"self":[{"href":"https:\/\/mision-salud.org\/AlianzaLAC_AaM\/index.php?rest_route=\/wp\/v2\/posts\/125"}],"collection":[{"href":"https:\/\/mision-salud.org\/AlianzaLAC_AaM\/index.php?rest_route=\/wp\/v2\/posts"}],"about":[{"href":"https:\/\/mision-salud.org\/AlianzaLAC_AaM\/index.php?rest_route=\/wp\/v2\/types\/post"}],"author":[{"embeddable":true,"href":"https:\/\/mision-salud.org\/AlianzaLAC_AaM\/index.php?rest_route=\/wp\/v2\/users\/1"}],"replies":[{"embeddable":true,"href":"https:\/\/mision-salud.org\/AlianzaLAC_AaM\/index.php?rest_route=%2Fwp%2Fv2%2Fcomments&post=125"}],"version-history":[{"count":1,"href":"https:\/\/mision-salud.org\/AlianzaLAC_AaM\/index.php?rest_route=\/wp\/v2\/posts\/125\/revisions"}],"predecessor-version":[{"id":128,"href":"https:\/\/mision-salud.org\/AlianzaLAC_AaM\/index.php?rest_route=\/wp\/v2\/posts\/125\/revisions\/128"}],"wp:featuredmedia":[{"embeddable":true,"href":"https:\/\/mision-salud.org\/AlianzaLAC_AaM\/index.php?rest_route=\/wp\/v2\/media\/107"}],"wp:attachment":[{"href":"https:\/\/mision-salud.org\/AlianzaLAC_AaM\/index.php?rest_route=%2Fwp%2Fv2%2Fmedia&parent=125"}],"wp:term":[{"taxonomy":"category","embeddable":true,"href":"https:\/\/mision-salud.org\/AlianzaLAC_AaM\/index.php?rest_route=%2Fwp%2Fv2%2Fcategories&post=125"},{"taxonomy":"post_tag","embeddable":true,"href":"https:\/\/mision-salud.org\/AlianzaLAC_AaM\/index.php?rest_route=%2Fwp%2Fv2%2Ftags&post=125"}],"curies":[{"name":"wp","href":"https:\/\/api.w.org\/{rel}","templated":true}]}}