{"id":140,"date":"2020-10-12T05:17:09","date_gmt":"2020-10-12T10:17:09","guid":{"rendered":"https:\/\/mision-salud.org\/AlianzaLAC_AaM\/?p=140"},"modified":"2020-10-13T10:29:46","modified_gmt":"2020-10-13T15:29:46","slug":"semana-de-la-propiedad-intelectual-interes-publico-y-covid19-eventos-centrales","status":"publish","type":"post","link":"https:\/\/mision-salud.org\/AlianzaLAC_AaM\/?p=140","title":{"rendered":"Semana de la Propiedad intelectual, inter\u00e9s p\u00fablico y COVID19 | Eventos centrales"},"content":{"rendered":"\n<p>La Semana de la Propiedad Intelectual, Inter\u00e9s P\u00fablico y COVID19 del Congreso Global de Propiedad Intelectual e Inter\u00e9s P\u00fablico tuvo desarrollo de su agenda colaborativa los d\u00edas <a href=\"https:\/\/mision-salud.org\/AlianzaLAC_AaM\/?p=99\" data-type=\"post\" data-id=\"99\">5<\/a>, <a href=\"https:\/\/mision-salud.org\/AlianzaLAC_AaM\/?p=118\" data-type=\"post\" data-id=\"118\">6<\/a> y <a href=\"https:\/\/mision-salud.org\/AlianzaLAC_AaM\/?p=125\" data-type=\"post\" data-id=\"125\">7<\/a> de octubre (ver en cada d\u00eda las sesiones del track de acceso a medicamentos, liderado por Misi\u00f3n Salud). Durante estos tres d\u00edas activistas y acad\u00e9micos de todo el mundo compartieron trabajos y reflexiones respecto del impacto de las leyes de propiedad intelectual en el inter\u00e9s p\u00fablico, espec\u00edficamente en el marco de la pandemia COVID19.<\/p>\n\n\n\n<p>Los d\u00edas 8 y 9 se llev\u00f3 a cabo la agenda de <strong>eventos centrales <\/strong>de la Semana. Fueron invitadas personas expertas en diversos campos del saber para debatir, compartir y reflexionar en torno al impacto del modelo de propiedad intelectual que rige actualmente en un contexto de pandemia global.<\/p>\n\n\n\n<p><strong>1. Perspectiva sobre condiciones globales actuales para tener un acceso equitativo sobre posibles tratamientos y vacunas COVID-19.<\/strong><\/p>\n\n\n\n<p>El d\u00eda 8 de octubre inici\u00f3 con la charla del <strong>Doctor Germ\u00e1n Vel\u00e1squez<\/strong> (South Centre) quien abord\u00f3 las transformaciones que se vienen dando en la Organizaci\u00f3n Mundial de la Salud (OMS) y los desaf\u00edos que estas derivaron.  Comparti\u00f3 de manera general los hallazgos del diagn\u00f3stico realizado por Francia y Alemania en un <em>non-paper<\/em> publicado en 2019, respecto de la OMS, enfatizando las propuestas para una posible reforma de la Organizaci\u00f3n y las respectivas conclusiones.<\/p>\n\n\n\n<p><em><a href=\"https:\/\/twitter.com\/MisionSaludCo\/status\/1314186280331165699?s=20\" target=\"_blank\" rel=\"noreferrer noopener\">Vea el minuto a minuto de esta sesi\u00f3n<\/a><\/em><\/p>\n\n\n\n<figure class=\"wp-block-embed-youtube wp-block-embed is-type-rich is-provider-youtube\"><div class=\"wp-block-embed__wrapper\">\n<blockquote class=\"embedly-card\" data-card-controls=\"1\" data-card-align=\"center\" data-card-theme=\"light\"><h4><a href=\"https:\/\/youtu.be\/mFOOgIhR0RY?list=PL4cKnWFTfRNWEhV2iHAujns1ca2FTzoho\">Perspectiva sobre condiciones globales para acceso equitativo sobre tratamientos y vacunas COVID19<\/a><\/h4><p>No Description<\/p><\/blockquote><script async src=\"\/\/cdn.embedly.com\/widgets\/platform.js\" charset=\"UTF-8\"><\/script>\n<\/div><figcaption><strong>1. Perspectiva sobre nuestras condiciones globales actuales para tener un acceso equitativo sobre posibles tratamientos y vacunas COVID1<\/strong>9<\/figcaption><\/figure>\n\n\n\n<p><strong>2. Acceso a alternativas de tratamiento y vacunas para COVID-19 \u00bfQu\u00e9 hacemos con las patentes?<\/strong><\/p>\n\n\n\n<p>A continuaci\u00f3n se realiz\u00f3 el panel de discusi\u00f3n \u00abAcceso a alternativas de tratamiento y vacunas para COVID19 \u00bfqu\u00e9 hacemos con las patentes?\u00bb, moderado <a rel=\"noreferrer noopener\" href=\"https:\/\/twitter.com\/AngelaAcostaSan\" target=\"_blank\">por la <strong>Doctora Angela Acosta<\/strong><\/a>, Directora General de Misi\u00f3n Salud y una de las l\u00edderes de la l\u00ednea tem\u00e1tica de acceso a medicamentos del Congreso Global de Propiedad Intelectual e Inter\u00e9s P\u00fablico (2020).<\/p>\n\n\n\n<p>En este panel participaron expertos latinoamericanos del campo de la propiedad intelectual y el acceso a medicamentos, as\u00ed como de las pol\u00edticas p\u00fablicas en salud. Fue interesante y alentador c\u00f3mo las sesiones de los participantes concluyeron haciendo un reconocimiento de la solidaridad como valor clave para la presente crisis global.<\/p>\n\n\n\n<p><a rel=\"noreferrer noopener\" href=\"https:\/\/twitter.com\/MisionSaludCo\/status\/1314216479055917056?s=20\" target=\"_blank\"><em>Revive aqu\u00ed el minuto a minuto de esta sesi\u00f3n<\/em><\/a><\/p>\n\n\n\n<p>El panel cont\u00f3 con la participaci\u00f3n de las siguientes personalidades:<\/p>\n\n\n\n<ul><li><strong>Doctor Alvin Chaves | Costa Rica. <\/strong>Comparti\u00f3 el panorama de salud p\u00fablica y acceso a medicamentos en el pa\u00eds, as\u00ed como los desaf\u00edos que enfrenta el pa\u00eds frente a los altos precios de medicamentos que se est\u00e1n presentando al Sistema Nacional de Salud. Posteriormente explic\u00f3 de manera general de qu\u00e9 se trata la propuesta del gobierno costarricense a la OMS sobre la creaci\u00f3n de un Repositorio abierto (<em>pool)<\/em> de Acceso a Tecnolog\u00edas para abordar COVID-19 (prevenci\u00f3n, diagn\u00f3stico y tratamiento) <a href=\"https:\/\/www.who.int\/docs\/default-source\/coronaviruse\/transcripts\/who-audio-emergencies-coronavirus-press-conference-full-29may2020.pdf?sfvrsn=2ee19858_2\">(CTAP por sus siglas en ingl\u00e9s).<\/a> Chaves concluy\u00f3 su intervenci\u00f3n destacando la importancia de que los Estados miembro de la OMS se comprometan con esta iniciativa pues la manera de que la <strong><em>solidaridad <\/em><\/strong>entre naciones tenga un desarrollo concreto y permita superar la crisis causada por COVID19 de manera equitativa.<\/li><li><strong>Peter Maybarduk | Public Citizen | Estados Unidos.<\/strong> Realiz\u00f3 una reflexi\u00f3n sobre el acceso a futuro a una posible vacuna contra COVID-19 en el marco del <em>nacionalismo de las vacunas.<\/em> Hizo la analog\u00eda con el <em>apartheid<\/em>  en Sur\u00e1frica y la contradicci\u00f3n respecto de los aprendizajes que ha conseguido la sociedad civil  global frente a la importancia que tiene compartir abiertamente el conocimiento cient\u00edfico para salvar vidas y mitigar los da\u00f1os econ\u00f3micos.<\/li><li><strong>Doctora Lorena DiGiano | Fundaci\u00f3n GEP | Argentina.<\/strong> La doctora DiGiano comparti\u00f3 la experiencia de la FGEP en el ejercicio de las flexibilidades ADPIC y el monitoreo de solicitudes de patentes de tecnolog\u00edas COVID-19 en Argentina (espec\u00edficamente el medicamento remdesivir y las vacunas). <br>En este <a href=\"https:\/\/twitter.com\/MisionSaludCo\/status\/1314216479055917056?s=20\">enlace <\/a>puede consutar los mensajes clave de esta sesi\u00f3n. <\/li><\/ul>\n\n\n\n<figure class=\"wp-block-embed-youtube wp-block-embed is-type-rich is-provider-youtube\"><div class=\"wp-block-embed__wrapper\">\n<blockquote class=\"embedly-card\" data-card-controls=\"1\" data-card-align=\"center\" data-card-theme=\"light\"><h4><a href=\"https:\/\/youtu.be\/Un8mVTCoSo4?list=PL4cKnWFTfRNWEhV2iHAujns1ca2FTzoho\">Acceso a alternativas de tratamiento y vacunas para COVID &#8211; \u00bfqu\u00e9 hacemos con las patentes?<\/a><\/h4><p>La pandemia ha puesto de manifiesto las fallas del actual sistema de innovaci\u00f3n. No promueve la cooperaci\u00f3n para el avance de la ciencia, sino que por el con&#8230;<\/p><\/blockquote><script async src=\"\/\/cdn.embedly.com\/widgets\/platform.js\" charset=\"UTF-8\"><\/script>\n<\/div><figcaption><strong>2. \u00abAcceso a alternativas de tratamiento y vacunas para COVID19<\/strong><br><strong> \u00bfqu\u00e9 hacemos con las patentes?\u00bb<\/strong><\/figcaption><\/figure>\n\n\n\n<p><strong>3. Impacto de los aspectos de propiedad intelectual de los tratados de libre comercio sobre la respuesta a COVID-19<\/strong>.<\/p>\n\n\n\n<p>El d\u00eda 9, \u00faltimo d\u00eda del evento, se di\u00f3 la charla \u00abImpacto de los aspectos de propiedad intelectual de los tratados de libre comercio sobre la respuesta a COVID19\u00bb en el cual participaron los expertos: Doctora Claudia Vargas (Directora Fundaci\u00f3n IFARMA &#8211; Moderadora), Doctor Roberto Lopez (AIS &#8211; Per\u00fa), Doctora Mar\u00eda Fabiana Jorge (MFJ International), Doctor Nirmalya Syam (South Centre) y los Doctores Joan Rovira y Miguel Cort\u00e9s.<\/p>\n\n\n\n<p><a href=\"https:\/\/twitter.com\/MisionSaludCo\/status\/1314626917996339203?s=20\" target=\"_blank\" rel=\"noreferrer noopener\">Revive aqu\u00ed el <strong>minuto a minuto <\/strong>de este panel <\/a><\/p>\n\n\n\n<p>Es de destacar que el Doctor Roberto Lopez (AIS-Per\u00fa) (integrante  del Consejo Ejecutivo de la Alianza LAC-Global por el Acceso a Medicamentos), y la Doctor Maria Fabiana Jorge (MJF International) realizaron menci\u00f3n especial al fundador de Misi\u00f3n Salud y promotor de la Alianza, Doctor Germ\u00e1n Holgu\u00edn Zamorano, quien falleci\u00f3 en diciembre pasado, en la que destac\u00f3 su lucha incansable en la defensa del derecho a acceder a medicamentosm en especial durante las negociaciones del Tratado de Libre Comercio (TLC) de Colombia y Per\u00fa con Estados Unidos, consiguiendo renegociaciones de textos pactados en beneficio de la salud p\u00fablica de los pa\u00edses suramericanos.<\/p>\n\n\n\n<p>Por otro lado el Doctor Syam, del South Centre, expuso c\u00f3mo la exlusividad de datos de prueba se est\u00e1 volviendo cada vez m\u00e1s rigida en los casos de las tecnolog\u00edas COVID-19, al parecer por posibles patentes que se avecinan sobre estas.<\/p>\n\n\n\n<p>Los doctores Rovira y Cort\u00e9s finalizaron la sesi\u00f3n con una exposici\u00f3n sobre los estudios de impacto de la propiedad intelectual sobre el precio y el acceso a los medicamentos. Se destac\u00f3 el rol de la sociedad civil latinoamericana en el desarrollo de metodolog\u00edas y modelos que sirvieron de soporte para las negociaciones de TLC de pa\u00eds de bajos y medios ingresos.<\/p>\n\n\n\n<figure class=\"wp-block-embed-youtube wp-block-embed is-type-rich is-provider-youtube\"><div class=\"wp-block-embed__wrapper\">\n<blockquote class=\"embedly-card\" data-card-controls=\"1\" data-card-align=\"center\" data-card-theme=\"light\"><h4><a href=\"https:\/\/www.youtube.com\/watch?v=jAGS7CtDFC8\">Impact of Intellectual Property Aspects of Free Trade Agreements on the Response to COVID-19<\/a><\/h4><p>No Description<\/p><\/blockquote><script async src=\"\/\/cdn.embedly.com\/widgets\/platform.js\" charset=\"UTF-8\"><\/script>\n<\/div><figcaption><strong>3. Impacto de los aspectos de propiedad intelectual de los tratados de libre comercio sobre la respuesta a COVID19<\/strong><\/figcaption><\/figure>\n\n\n\n<p>As\u00ed concluy\u00f3 la Semana de la Propiedad Intelectual, Inter\u00e9s P\u00fablico y COVID19, una semana que surgi\u00f3 como escenario para intercambiar las reflexiones que desde diversos escenarios sociales, entre ellos el acceso a medicamentos, est\u00e1n emergiendo dadas las evidentes problem\u00e1ticas y desigualdades que est\u00e1n definiendo c\u00f3mo el mundo aborda y supera la pandemia causada por COVID-19.<\/p>\n\n\n\n<hr class=\"wp-block-separator\"\/>\n\n\n\n<p class=\"has-text-align-center\"><strong>Para revivir todos los eventos e intervenciones del track de medicamentos de la Semana en idioma original, les compartimos la playlist del track en Youtube. <\/strong><\/p>\n\n\n\n<figure class=\"wp-block-embed-youtube wp-block-embed is-type-rich is-provider-youtube\"><div class=\"wp-block-embed__wrapper\">\n<blockquote class=\"embedly-card\" data-card-controls=\"1\" data-card-align=\"center\" data-card-theme=\"light\"><h4><a href=\"https:\/\/www.youtube.com\/playlist?list=PLYzLksm6JWNRqxZGR7TRBwutxB5R3siDv\">Semana propiedad intelectual, inter\u00e9s p\u00fablico y COVID19 | Track Acceso a Medicamentos<\/a><\/h4><p>En el marco del Congreso Global de Propiedad Intelectual e inter\u00e9s p\u00fablico 2020, se est\u00e1 realizando la Semana de la Propiedad Intelectual, inter\u00e9s p\u00fablico y &#8230;<\/p><\/blockquote><script async src=\"\/\/cdn.embedly.com\/widgets\/platform.js\" charset=\"UTF-8\"><\/script>\n<\/div><figcaption><strong>Playlist de las sesiones del Track de Medicamentos de la Semana de la Propiedad Intelectual, el inter\u00e9s p\u00fablico y COVID19<\/strong><\/figcaption><\/figure>\n","protected":false},"excerpt":{"rendered":"<p>La Semana de la Propiedad Intelectual, Inter\u00e9s P\u00fablico y COVID19 del Congreso Global de Propiedad [&hellip;]<\/p>\n","protected":false},"author":1,"featured_media":107,"comment_status":"open","ping_status":"open","sticky":false,"template":"","format":"standard","meta":{"spay_email":""},"categories":[3],"tags":[21,23,4,6,46,41,20,19,27,47,45],"jetpack_featured_media_url":"https:\/\/mision-salud.org\/AlianzaLAC_AaM\/wp-content\/uploads\/2020\/10\/Screenshot_2020-10-06-COMUNICACIONES-REDES-DEMANA-DE-LA-PROPIEDAD-INTELECTUAL-INTERES-PUBLICO-Y-COVID-19-DEL-5-AL-9-DE-OCT....png","_links":{"self":[{"href":"https:\/\/mision-salud.org\/AlianzaLAC_AaM\/index.php?rest_route=\/wp\/v2\/posts\/140"}],"collection":[{"href":"https:\/\/mision-salud.org\/AlianzaLAC_AaM\/index.php?rest_route=\/wp\/v2\/posts"}],"about":[{"href":"https:\/\/mision-salud.org\/AlianzaLAC_AaM\/index.php?rest_route=\/wp\/v2\/types\/post"}],"author":[{"embeddable":true,"href":"https:\/\/mision-salud.org\/AlianzaLAC_AaM\/index.php?rest_route=\/wp\/v2\/users\/1"}],"replies":[{"embeddable":true,"href":"https:\/\/mision-salud.org\/AlianzaLAC_AaM\/index.php?rest_route=%2Fwp%2Fv2%2Fcomments&post=140"}],"version-history":[{"count":5,"href":"https:\/\/mision-salud.org\/AlianzaLAC_AaM\/index.php?rest_route=\/wp\/v2\/posts\/140\/revisions"}],"predecessor-version":[{"id":154,"href":"https:\/\/mision-salud.org\/AlianzaLAC_AaM\/index.php?rest_route=\/wp\/v2\/posts\/140\/revisions\/154"}],"wp:featuredmedia":[{"embeddable":true,"href":"https:\/\/mision-salud.org\/AlianzaLAC_AaM\/index.php?rest_route=\/wp\/v2\/media\/107"}],"wp:attachment":[{"href":"https:\/\/mision-salud.org\/AlianzaLAC_AaM\/index.php?rest_route=%2Fwp%2Fv2%2Fmedia&parent=140"}],"wp:term":[{"taxonomy":"category","embeddable":true,"href":"https:\/\/mision-salud.org\/AlianzaLAC_AaM\/index.php?rest_route=%2Fwp%2Fv2%2Fcategories&post=140"},{"taxonomy":"post_tag","embeddable":true,"href":"https:\/\/mision-salud.org\/AlianzaLAC_AaM\/index.php?rest_route=%2Fwp%2Fv2%2Ftags&post=140"}],"curies":[{"name":"wp","href":"https:\/\/api.w.org\/{rel}","templated":true}]}}