{"id":599,"date":"2023-08-28T23:13:02","date_gmt":"2023-08-29T04:13:02","guid":{"rendered":"https:\/\/mision-salud.org\/AlianzaLAC_AaM\/?p=599"},"modified":"2023-08-28T23:13:02","modified_gmt":"2023-08-29T04:13:02","slug":"alianza-lac-global-novedades-y-noticias-semana-del-21-al-25-de-agosto-de-2023","status":"publish","type":"post","link":"https:\/\/mision-salud.org\/AlianzaLAC_AaM\/?p=599","title":{"rendered":"[ALIANZA LAC-GLOBAL] Novedades y Noticias, Semana del 21 al 25 de agosto de 2023"},"content":{"rendered":"\n<p>La Alianza LAC-Global por el Acceso a Medicamentos es una coalici\u00f3n de organizaciones de la sociedad civil de las Am\u00e9ricas, el Caribe y Europa, que defienden el derecho a la salud y el acceso a medicamentos a nivel local en sus paises de origen y a nivel regional y global en cooperaci\u00f3n con hom\u00f3logos de todo el mundo. <\/p>\n\n\n\n<p>En un esfuerzo de articular la informaci\u00f3n global con respecto al desarrollo, acceso y geopol\u00edtica de las tecnolog\u00edas sanitarias (vacunas, dispositivos m\u00e9dicos, medicamentos y m\u00e9todos diagn\u00f3sticos) para el abordaje del SARS-CoV-2\/COVID-19. Como parte de este ejercicio compartimos el resumen de noticias de la semana del 21 al 25 de agosto de 2023:<\/p>\n\n\n<blockquote class=\"embedly-card\" data-card-controls=\"1\" data-card-align=\"center\" data-card-theme=\"light\">\n<h4><a href=\"https:\/\/view.genial.ly\/64ed69345509b70011998c12\/interactive-content-copy-novedades-y-noticias-semana-14-al-18-de-agosto-de-2023\">NOVEDADES Y NOTICIAS, SEMANA 21 al 25 de agosto de 2023<\/a><\/h4>\n<p>NOVEDADES Y NOTICIAS, SEMANA 21 al 25 de agosto de 2023 Pa\u00eds\/continente COVID19 | Epidemiolog\u00eda Lockdowns did far more good than harm Los confinamientos hicieron mucho m\u00e1s bien que mal Informaci\u00f3n pro acceso a medicamentos Health activists label British attack on India&#8217;s medicine industry as &#8216;global vandalism&#8217; Activistas de la<\/p>\n<\/blockquote>\n<p><script async src=\"\/\/cdn.embedly.com\/widgets\/platform.js\" charset=\"UTF-8\"><\/script><\/p>\n","protected":false},"excerpt":{"rendered":"<p>La Alianza LAC-Global por el Acceso a Medicamentos es una coalici\u00f3n de organizaciones de la [&hellip;]<\/p>\n","protected":false},"author":3,"featured_media":600,"comment_status":"open","ping_status":"open","sticky":false,"template":"","format":"standard","meta":{"spay_email":""},"categories":[3,2],"tags":[80,21,23,62,28,63,55,56,11],"jetpack_featured_media_url":"https:\/\/mision-salud.org\/AlianzaLAC_AaM\/wp-content\/uploads\/2023\/08\/Copia-de-NOVEDADES-Y-NOTICIAS-21-AL-25-DE-AGOSTO-DE-2023.png","_links":{"self":[{"href":"https:\/\/mision-salud.org\/AlianzaLAC_AaM\/index.php?rest_route=\/wp\/v2\/posts\/599"}],"collection":[{"href":"https:\/\/mision-salud.org\/AlianzaLAC_AaM\/index.php?rest_route=\/wp\/v2\/posts"}],"about":[{"href":"https:\/\/mision-salud.org\/AlianzaLAC_AaM\/index.php?rest_route=\/wp\/v2\/types\/post"}],"author":[{"embeddable":true,"href":"https:\/\/mision-salud.org\/AlianzaLAC_AaM\/index.php?rest_route=\/wp\/v2\/users\/3"}],"replies":[{"embeddable":true,"href":"https:\/\/mision-salud.org\/AlianzaLAC_AaM\/index.php?rest_route=%2Fwp%2Fv2%2Fcomments&post=599"}],"version-history":[{"count":1,"href":"https:\/\/mision-salud.org\/AlianzaLAC_AaM\/index.php?rest_route=\/wp\/v2\/posts\/599\/revisions"}],"predecessor-version":[{"id":601,"href":"https:\/\/mision-salud.org\/AlianzaLAC_AaM\/index.php?rest_route=\/wp\/v2\/posts\/599\/revisions\/601"}],"wp:featuredmedia":[{"embeddable":true,"href":"https:\/\/mision-salud.org\/AlianzaLAC_AaM\/index.php?rest_route=\/wp\/v2\/media\/600"}],"wp:attachment":[{"href":"https:\/\/mision-salud.org\/AlianzaLAC_AaM\/index.php?rest_route=%2Fwp%2Fv2%2Fmedia&parent=599"}],"wp:term":[{"taxonomy":"category","embeddable":true,"href":"https:\/\/mision-salud.org\/AlianzaLAC_AaM\/index.php?rest_route=%2Fwp%2Fv2%2Fcategories&post=599"},{"taxonomy":"post_tag","embeddable":true,"href":"https:\/\/mision-salud.org\/AlianzaLAC_AaM\/index.php?rest_route=%2Fwp%2Fv2%2Ftags&post=599"}],"curies":[{"name":"wp","href":"https:\/\/api.w.org\/{rel}","templated":true}]}}