{"id":99,"date":"2020-10-06T05:45:50","date_gmt":"2020-10-06T10:45:50","guid":{"rendered":"https:\/\/mision-salud.org\/AlianzaLAC_AaM\/?p=99"},"modified":"2020-10-06T18:11:05","modified_gmt":"2020-10-06T23:11:05","slug":"semana-de-la-propiedad-intelectual-interes-publico-y-covid-19-asi-fue-el-dia-1","status":"publish","type":"post","link":"https:\/\/mision-salud.org\/AlianzaLAC_AaM\/?p=99","title":{"rendered":"Semana de la Propiedad Intelectual, Inter\u00e9s P\u00fablico y COVID-19 | As\u00ed fue el d\u00eda 1"},"content":{"rendered":"\n<p>Ayer 05 de octubre de 2020 inici\u00f3 la <a href=\"http:\/\/www.globalcongressip.org\/inicio\/semana-de-la-propiedad-intelectual\/?lang=es\">Semana de la propiedad intelectual, el inter\u00e9s p\u00fablico y COVID-19,<\/a> evento que hace parte del Congreso Global de propiedad intelectual e inter\u00e9s p\u00fablico que en su edici\u00f3n 2020 se llevar\u00eda a cabo en Cartagena (Colombia). Dada la coyuntura global causada por COVID-19, el equipo coordinador local (Fundaci\u00f3n Karisa, Misi\u00f3n Salud -l\u00edder del track de medicamentos-, Fundaci\u00f3n IFARMA, Centro ISUR de la Universidad del Rosario e Internet-LAB) vi\u00f3 la oportunidad para generar un espacio de discusi\u00f3n e intercambio alrededor de la relaci\u00f3n de la propiedad intelectual y el inter\u00e9s p\u00fablico con la pandemia causada por SARS-CoV2. Los tres primeros d\u00edas estar\u00e1n conformados por <a rel=\"noreferrer noopener\" href=\"http:\/\/www.globalcongressip.org\/inicio\/agenda\/?lang=es\" target=\"_blank\">sesiones colaborativas<\/a> propuestas desde varias instancias globales (sociedad civil, academia, etc.) y jueves 8 y viernes 9 tendremos las <a href=\"http:\/\/www.globalcongressip.org\/inicio\/eventos-principales\/?lang=es\">sesiones centrales<\/a>.<\/p>\n\n\n\n<p>En el desarrollo de la Agenda de la Semana de la Propiedad Virtual (<a rel=\"noreferrer noopener\" href=\"http:\/\/www.globalcongressip.org\/?lang=es\" target=\"_blank\">http:\/\/www.globalcongressip.org\/?lang=es<\/a>), la l\u00ednea de acceso a medicamentos, liderada por Ifarma y Misi\u00f3n Salud cont\u00f3 en su primer d\u00eda con\u00a0 muy interesantes desarrollos propuestos por participantes de diversos pa\u00edses, a continuaci\u00f3n encuentran el acceso directo a dichos eventos, los v\u00eddeos de YouTube quedar\u00e1n a su disposici\u00f3n en el micrositio de la Alianza LAC-Global:\u00a0<a rel=\"noreferrer noopener\" href=\"https:\/\/mision-salud.org\/AlianzaLAC_AaM\/?p=99\" target=\"_blank\">https:\/\/mision-salud.org\/AlianzaLAC_AaM\/?p=99<\/a><\/p>\n\n\n\n<figure class=\"wp-block-embed-youtube wp-block-embed is-type-rich is-provider-youtube\"><div class=\"wp-block-embed__wrapper\">\n<blockquote class=\"embedly-card\" data-card-controls=\"1\" data-card-align=\"center\" data-card-theme=\"light\"><h4><a href=\"https:\/\/youtu.be\/8Bsyh3RQoa8?list=PLYzLksm6JWNRqxZGR7TRBwutxB5R3siDv\">Government funding of COVID drugs and vaccines.<\/a><\/h4><p>Panelists present research on the role of governments in development of COVID-19 drugs and vaccines. Governments have provided massive funding towards develo&#8230;<\/p><\/blockquote><script async src=\"\/\/cdn.embedly.com\/widgets\/platform.js\" charset=\"UTF-8\"><\/script>\n<\/div><figcaption>1. <strong>Estados Unidos | Financiaci\u00f3n p\u00fablica de medicamentos y vacunas COVID<\/strong><br>En esta primera sesi\u00f3n relacionada con medicamentos, los panelistas presentaron resultados de una investigaci\u00f3n sobre el papel de los gobiernos en el desarrollo de medicamentos y vacunas para COVID-19. Fue de especial inter\u00e9s los fondos masivos proporcionados por los mismos para el desarrollo de tecnolog\u00edas COVID-19. Posteriormente, se discutieron los siguientes puntos:<br>(1) Estudios de candidatos tanto de f\u00e1rmacos como vacunas que se han beneficiado de fondos p\u00fablicos.<br>(2) Falta de transparencia sobre investigaciones financiadas por el gobierno, incluidos acuerdos legales y costos de los ensayos.\u00a0<br>(3) Contratos de \u201cAutoridad de otras transacciones\u201d y consecuencias.<br>(4) Fallas en la divulgaci\u00f3n de fondos gubernamentales en patentes y sus solicitudes.<\/figcaption><\/figure>\n\n\n\n<figure class=\"wp-block-embed-youtube wp-block-embed is-type-rich is-provider-youtube\"><div class=\"wp-block-embed__wrapper\">\n<blockquote class=\"embedly-card\" data-card-controls=\"1\" data-card-align=\"center\" data-card-theme=\"light\"><h4><a href=\"https:\/\/youtu.be\/S1CQrGJ94Uc?list=PLYzLksm6JWNRqxZGR7TRBwutxB5R3siDv\">Reuni\u00f3n estrat\u00e9gica para compartir la experiencia de la Red de Medicamentos de Guatemala<\/a><\/h4><p>Reuni\u00f3n estrat\u00e9gica para compartir la experiencia de la Red de Medicamentos de Guatemala, articulando esfuerzos, construyendo respuestas y abordajes coherent&#8230;<\/p><\/blockquote><script async src=\"\/\/cdn.embedly.com\/widgets\/platform.js\" charset=\"UTF-8\"><\/script>\n<\/div><figcaption><strong><strong><strong>2. Guatemala | Reuni\u00f3n estrat\u00e9gica para compartir experiencias de la Red de Medicamentos de Guatemala<\/strong><\/strong><\/strong><br>En esta segunda sesi\u00f3n se compartieron la experiencias de la Red de Medicamentos de Guatemala, destacando esfuerzos, respuestas,\u00a0 abordajes, y en especial el anuncio sobre el\u00a0lanzamiento de la Red\u00a0de Medicamentos y Tecnolog\u00edas en Salud de El Salvador, como parte del Colectivo ALAMES-MP. Se espera retomar la experiencia de actores clave en reformas a la ley de Propiedad Intelectual.<\/figcaption><\/figure>\n\n\n\n<figure class=\"wp-block-embed-youtube wp-block-embed is-type-rich is-provider-youtube\"><div class=\"wp-block-embed__wrapper\">\n<blockquote class=\"embedly-card\" data-card-controls=\"1\" data-card-align=\"center\" data-card-theme=\"light\"><h4><a href=\"https:\/\/youtu.be\/s6LJ_zhLghs?list=PLYzLksm6JWNRqxZGR7TRBwutxB5R3siDv\">Propriedade Intelectual aberta como instrumento de combate ao COVID-19<\/a><\/h4><p>Estrat\u00e9gias globais da OMS (Organiza\u00e7\u00e3o Mundial da Sa\u00fade) para ampliar o acesso e a\u00e7\u00f5es realizadas no Brasil, especialmente sobre licen\u00e7as compuls\u00f3rias. A di&#8230;<\/p><\/blockquote><script async src=\"\/\/cdn.embedly.com\/widgets\/platform.js\" charset=\"UTF-8\"><\/script>\n<\/div><figcaption><strong><strong>3. Brasil | Propiedad intelectual abierta como instrumento para combatir el COVID-19.<\/strong><\/strong><br>Estrategias globales de la OMS (Organizaci\u00f3n Mundial de la Salud) para ampliar el acceso y Para la tercera conferencia, se reconocieron estrategias globales de la OMS (Organizaci\u00f3n Mundial de la Salud) para ampliar el acceso y acciones realizadas en Brasil, especialmente sobre licencias obligatorias. El eje central de la discusi\u00f3n se dio alrededor del acceso equitativo a los medicamentos para combatir el COVID-19, que se abord\u00f3 desde tres tem\u00e1ticas:<br>(i) Acceso de calidad, sin ning\u00fan tipo de discriminaci\u00f3n;<br>(ii) Igualdad de acceso a las necesidades de cada ser humano; y<br>(iii) Acceso independientemente del pa\u00eds o regi\u00f3n, por tratarse de una pandemia.<\/figcaption><\/figure>\n\n\n\n<figure class=\"wp-block-embed-youtube wp-block-embed is-type-rich is-provider-youtube\"><div class=\"wp-block-embed__wrapper\">\n<blockquote class=\"embedly-card\" data-card-controls=\"1\" data-card-align=\"center\" data-card-theme=\"light\"><h4><a href=\"https:\/\/youtu.be\/sJBLNrMDp1o?list=PLYzLksm6JWNRqxZGR7TRBwutxB5R3siDv\">The Open COVID Patent Pledge and the Future of IP in the Public Interest<\/a><\/h4><p>This panel will address the development and adoption of the Open COVID Patent pledge, the parties who have taken the pledge, and the use of the pledge in the&#8230;<\/p><\/blockquote><script async src=\"\/\/cdn.embedly.com\/widgets\/platform.js\" charset=\"UTF-8\"><\/script>\n<\/div><figcaption><strong>4.\u00a0\u00a0<strong>Estados Unidos | El Compromiso de Patente Abierta COVID-19 y Propiedad intelectual en el inter\u00e9s p\u00fablico<\/strong><\/strong><br>Para el \u00faltimo seminario, se abord\u00f3 el desarrollo, adopci\u00f3n y articulaci\u00f3n de la iniciativa de Patente Abierta COVID-19, as\u00ed como el potencial de sus herramientas, estandarizaci\u00f3n en procesos de patentes, y elaboraci\u00f3n de normativas en Propiedad Intelectual a favor de los intereses en salud p\u00fablica, problemas cient\u00edficos y t\u00e9cnicos a gran escala.\u00a0<\/figcaption><\/figure>\n\n\n\n<div class=\"wp-block-buttons aligncenter\">\n<div class=\"wp-block-button is-style-outline\"><a class=\"wp-block-button__link has-white-color has-vivid-cyan-blue-background-color has-text-color has-background\" href=\"http:\/\/www.globalcongressip.org\/inicio\/agenda\/?lang=es\" target=\"_blank\" rel=\"noreferrer noopener\">Ver agenda d\u00eda 2<\/a><\/div>\n<\/div>\n\n\n\n<p>A lo largo de la semana se ir\u00e1n compartiendo noticias relacionadas a cada evento correspondiente. Se espera sea de su agrado.<\/p>\n\n\n\n<p>Cordialmente:<\/p>\n\n\n\n<p><em>***<\/em><br><em>Equipo Misi\u00f3n Salud, 2020<\/em><\/p>\n\n\n\n<figure class=\"wp-block-image is-resized\"><img loading=\"lazy\" src=\"https:\/\/mail.zoho.com\/zm\/ImageDisplay?na=5739747000000008002&amp;nmsgId=1602022814864100003&amp;f=2.png&amp;mode=inline&amp;cid=0.28869202970.4752012232081263958.174ffcbab4e__inline__img__src&amp;\" alt=\"\" width=\"128\" height=\"69\"\/><\/figure>\n\n\n\n<p><\/p>\n","protected":false},"excerpt":{"rendered":"<p>Ayer 05 de octubre de 2020 inici\u00f3 la Semana de la propiedad intelectual, el inter\u00e9s [&hellip;]<\/p>\n","protected":false},"author":1,"featured_media":107,"comment_status":"open","ping_status":"open","sticky":false,"template":"","format":"standard","meta":{"spay_email":""},"categories":[3],"tags":[21,4,6,18,28,19,27,17,11],"jetpack_featured_media_url":"https:\/\/mision-salud.org\/AlianzaLAC_AaM\/wp-content\/uploads\/2020\/10\/Screenshot_2020-10-06-COMUNICACIONES-REDES-DEMANA-DE-LA-PROPIEDAD-INTELECTUAL-INTERES-PUBLICO-Y-COVID-19-DEL-5-AL-9-DE-OCT....png","_links":{"self":[{"href":"https:\/\/mision-salud.org\/AlianzaLAC_AaM\/index.php?rest_route=\/wp\/v2\/posts\/99"}],"collection":[{"href":"https:\/\/mision-salud.org\/AlianzaLAC_AaM\/index.php?rest_route=\/wp\/v2\/posts"}],"about":[{"href":"https:\/\/mision-salud.org\/AlianzaLAC_AaM\/index.php?rest_route=\/wp\/v2\/types\/post"}],"author":[{"embeddable":true,"href":"https:\/\/mision-salud.org\/AlianzaLAC_AaM\/index.php?rest_route=\/wp\/v2\/users\/1"}],"replies":[{"embeddable":true,"href":"https:\/\/mision-salud.org\/AlianzaLAC_AaM\/index.php?rest_route=%2Fwp%2Fv2%2Fcomments&post=99"}],"version-history":[{"count":14,"href":"https:\/\/mision-salud.org\/AlianzaLAC_AaM\/index.php?rest_route=\/wp\/v2\/posts\/99\/revisions"}],"predecessor-version":[{"id":117,"href":"https:\/\/mision-salud.org\/AlianzaLAC_AaM\/index.php?rest_route=\/wp\/v2\/posts\/99\/revisions\/117"}],"wp:featuredmedia":[{"embeddable":true,"href":"https:\/\/mision-salud.org\/AlianzaLAC_AaM\/index.php?rest_route=\/wp\/v2\/media\/107"}],"wp:attachment":[{"href":"https:\/\/mision-salud.org\/AlianzaLAC_AaM\/index.php?rest_route=%2Fwp%2Fv2%2Fmedia&parent=99"}],"wp:term":[{"taxonomy":"category","embeddable":true,"href":"https:\/\/mision-salud.org\/AlianzaLAC_AaM\/index.php?rest_route=%2Fwp%2Fv2%2Fcategories&post=99"},{"taxonomy":"post_tag","embeddable":true,"href":"https:\/\/mision-salud.org\/AlianzaLAC_AaM\/index.php?rest_route=%2Fwp%2Fv2%2Ftags&post=99"}],"curies":[{"name":"wp","href":"https:\/\/api.w.org\/{rel}","templated":true}]}}